{"id":15,"count":7,"description":"Anelema paekarj\u00e4\u00e4r asub P\u00e4rnu maakonnas P\u00f5hja-P\u00e4rnumaa vallas Anelema k\u00fclas P\u00e4rnu-Jaagupi alevist 4 km kaugusel kirdes ja P\u00e4rnu linnast u 26 km kaugusel p\u00f5hja suunas. Karj\u00e4\u00e4ri on tagatud hea ligip\u00e4\u00e4s P\u00e4rnu-Jaagupi - Kergu k\u00f5rvalmaantee 2,5 km juurest.","link":"https:\/\/www.eestikillustik.ee\/forek\/tootekategooria\/anelema-paekarjaar\/","name":"Anelema paekarj\u00e4\u00e4r","slug":"anelema-paekarjaar","taxonomy":"product_cat","parent":0,"meta":[],"menu_order":0,"acf":[],"yoast_head":"<!-- This site is optimized with the Yoast SEO plugin v27.1.1 - https:\/\/yoast.com\/product\/yoast-seo-wordpress\/ -->\n<title>Anelema paekarj\u00e4\u00e4r Archives - Forek O\u00dc karj\u00e4\u00e4rid<\/title>\n<meta name=\"robots\" content=\"index, follow, max-snippet:-1, max-image-preview:large, max-video-preview:-1\" \/>\n<link rel=\"canonical\" href=\"https:\/\/www.eestikillustik.ee\/forek\/tootekategooria\/anelema-paekarjaar\/\" \/>\n<meta property=\"og:locale\" content=\"et_EE\" \/>\n<meta property=\"og:type\" content=\"article\" \/>\n<meta property=\"og:title\" content=\"Anelema paekarj\u00e4\u00e4r Archives - Forek O\u00dc karj\u00e4\u00e4rid\" \/>\n<meta property=\"og:description\" content=\"Anelema paekarj\u00e4\u00e4r asub P\u00e4rnu maakonnas P\u00f5hja-P\u00e4rnumaa vallas Anelema k\u00fclas P\u00e4rnu-Jaagupi alevist 4 km kaugusel kirdes ja P\u00e4rnu linnast u 26 km kaugusel p\u00f5hja suunas. Karj\u00e4\u00e4ri on tagatud hea ligip\u00e4\u00e4s P\u00e4rnu-Jaagupi &#8211; Kergu k\u00f5rvalmaantee 2,5 km juurest.\" \/>\n<meta property=\"og:url\" content=\"https:\/\/www.eestikillustik.ee\/forek\/tootekategooria\/anelema-paekarjaar\/\" \/>\n<meta property=\"og:site_name\" content=\"Forek O\u00dc karj\u00e4\u00e4rid\" \/>\n<meta name=\"twitter:card\" content=\"summary_large_image\" \/>\n<script type=\"application\/ld+json\" class=\"yoast-schema-graph\">{\"@context\":\"https:\/\/schema.org\",\"@graph\":[{\"@type\":\"CollectionPage\",\"@id\":\"https:\/\/www.eestikillustik.ee\/forek\/tootekategooria\/anelema-paekarjaar\/\",\"url\":\"https:\/\/www.eestikillustik.ee\/forek\/tootekategooria\/anelema-paekarjaar\/\",\"name\":\"Anelema paekarj\u00e4\u00e4r Archives - Forek O\u00dc karj\u00e4\u00e4rid\",\"isPartOf\":{\"@id\":\"https:\/\/www.eestikillustik.ee\/forek\/#website\"},\"breadcrumb\":{\"@id\":\"https:\/\/www.eestikillustik.ee\/forek\/tootekategooria\/anelema-paekarjaar\/#breadcrumb\"},\"inLanguage\":\"et\"},{\"@type\":\"BreadcrumbList\",\"@id\":\"https:\/\/www.eestikillustik.ee\/forek\/tootekategooria\/anelema-paekarjaar\/#breadcrumb\",\"itemListElement\":[{\"@type\":\"ListItem\",\"position\":1,\"name\":\"Home\",\"item\":\"https:\/\/www.eestikillustik.ee\/forek\/\"},{\"@type\":\"ListItem\",\"position\":2,\"name\":\"Anelema paekarj\u00e4\u00e4r\"}]},{\"@type\":\"WebSite\",\"@id\":\"https:\/\/www.eestikillustik.ee\/forek\/#website\",\"url\":\"https:\/\/www.eestikillustik.ee\/forek\/\",\"name\":\"Forek O\u00dc karj\u00e4\u00e4rid\",\"description\":\"\",\"publisher\":{\"@id\":\"https:\/\/www.eestikillustik.ee\/forek\/#organization\"},\"potentialAction\":[{\"@type\":\"SearchAction\",\"target\":{\"@type\":\"EntryPoint\",\"urlTemplate\":\"https:\/\/www.eestikillustik.ee\/forek\/?s={search_term_string}\"},\"query-input\":{\"@type\":\"PropertyValueSpecification\",\"valueRequired\":true,\"valueName\":\"search_term_string\"}}],\"inLanguage\":\"et\"},{\"@type\":\"Organization\",\"@id\":\"https:\/\/www.eestikillustik.ee\/forek\/#organization\",\"name\":\"Forek O\u00dc karj\u00e4\u00e4rid\",\"url\":\"https:\/\/www.eestikillustik.ee\/forek\/\",\"logo\":{\"@type\":\"ImageObject\",\"inLanguage\":\"et\",\"@id\":\"https:\/\/www.eestikillustik.ee\/forek\/#\/schema\/logo\/image\/\",\"url\":\"https:\/\/www.eestikillustik.ee\/forek\/wp-content\/uploads\/sites\/3\/2024\/09\/ek-logo.png\",\"contentUrl\":\"https:\/\/www.eestikillustik.ee\/forek\/wp-content\/uploads\/sites\/3\/2024\/09\/ek-logo.png\",\"width\":200,\"height\":80,\"caption\":\"Forek O\u00dc karj\u00e4\u00e4rid\"},\"image\":{\"@id\":\"https:\/\/www.eestikillustik.ee\/forek\/#\/schema\/logo\/image\/\"}}]}<\/script>\n<!-- \/ Yoast SEO plugin. -->","yoast_head_json":{"title":"Anelema paekarj\u00e4\u00e4r Archives - Forek O\u00dc karj\u00e4\u00e4rid","robots":{"index":"index","follow":"follow","max-snippet":"max-snippet:-1","max-image-preview":"max-image-preview:large","max-video-preview":"max-video-preview:-1"},"canonical":"https:\/\/www.eestikillustik.ee\/forek\/tootekategooria\/anelema-paekarjaar\/","og_locale":"et_EE","og_type":"article","og_title":"Anelema paekarj\u00e4\u00e4r Archives - Forek O\u00dc karj\u00e4\u00e4rid","og_description":"Anelema paekarj\u00e4\u00e4r asub P\u00e4rnu maakonnas P\u00f5hja-P\u00e4rnumaa vallas Anelema k\u00fclas P\u00e4rnu-Jaagupi alevist 4 km kaugusel kirdes ja P\u00e4rnu linnast u 26 km kaugusel p\u00f5hja suunas. Karj\u00e4\u00e4ri on tagatud hea ligip\u00e4\u00e4s P\u00e4rnu-Jaagupi &#8211; Kergu k\u00f5rvalmaantee 2,5 km juurest.","og_url":"https:\/\/www.eestikillustik.ee\/forek\/tootekategooria\/anelema-paekarjaar\/","og_site_name":"Forek O\u00dc karj\u00e4\u00e4rid","twitter_card":"summary_large_image","schema":{"@context":"https:\/\/schema.org","@graph":[{"@type":"CollectionPage","@id":"https:\/\/www.eestikillustik.ee\/forek\/tootekategooria\/anelema-paekarjaar\/","url":"https:\/\/www.eestikillustik.ee\/forek\/tootekategooria\/anelema-paekarjaar\/","name":"Anelema paekarj\u00e4\u00e4r Archives - Forek O\u00dc karj\u00e4\u00e4rid","isPartOf":{"@id":"https:\/\/www.eestikillustik.ee\/forek\/#website"},"breadcrumb":{"@id":"https:\/\/www.eestikillustik.ee\/forek\/tootekategooria\/anelema-paekarjaar\/#breadcrumb"},"inLanguage":"et"},{"@type":"BreadcrumbList","@id":"https:\/\/www.eestikillustik.ee\/forek\/tootekategooria\/anelema-paekarjaar\/#breadcrumb","itemListElement":[{"@type":"ListItem","position":1,"name":"Home","item":"https:\/\/www.eestikillustik.ee\/forek\/"},{"@type":"ListItem","position":2,"name":"Anelema paekarj\u00e4\u00e4r"}]},{"@type":"WebSite","@id":"https:\/\/www.eestikillustik.ee\/forek\/#website","url":"https:\/\/www.eestikillustik.ee\/forek\/","name":"Forek O\u00dc karj\u00e4\u00e4rid","description":"","publisher":{"@id":"https:\/\/www.eestikillustik.ee\/forek\/#organization"},"potentialAction":[{"@type":"SearchAction","target":{"@type":"EntryPoint","urlTemplate":"https:\/\/www.eestikillustik.ee\/forek\/?s={search_term_string}"},"query-input":{"@type":"PropertyValueSpecification","valueRequired":true,"valueName":"search_term_string"}}],"inLanguage":"et"},{"@type":"Organization","@id":"https:\/\/www.eestikillustik.ee\/forek\/#organization","name":"Forek O\u00dc karj\u00e4\u00e4rid","url":"https:\/\/www.eestikillustik.ee\/forek\/","logo":{"@type":"ImageObject","inLanguage":"et","@id":"https:\/\/www.eestikillustik.ee\/forek\/#\/schema\/logo\/image\/","url":"https:\/\/www.eestikillustik.ee\/forek\/wp-content\/uploads\/sites\/3\/2024\/09\/ek-logo.png","contentUrl":"https:\/\/www.eestikillustik.ee\/forek\/wp-content\/uploads\/sites\/3\/2024\/09\/ek-logo.png","width":200,"height":80,"caption":"Forek O\u00dc karj\u00e4\u00e4rid"},"image":{"@id":"https:\/\/www.eestikillustik.ee\/forek\/#\/schema\/logo\/image\/"}}]}},"_links":{"self":[{"href":"https:\/\/www.eestikillustik.ee\/forek\/wp-json\/wp\/v2\/product_cat\/15","targetHints":{"allow":["GET"]}}],"collection":[{"href":"https:\/\/www.eestikillustik.ee\/forek\/wp-json\/wp\/v2\/product_cat"}],"about":[{"href":"https:\/\/www.eestikillustik.ee\/forek\/wp-json\/wp\/v2\/taxonomies\/product_cat"}],"wp:post_type":[{"href":"https:\/\/www.eestikillustik.ee\/forek\/wp-json\/wp\/v2\/product?product_cat=15"}],"curies":[{"name":"wp","href":"https:\/\/api.w.org\/{rel}","templated":true}]}}